{"id":7084,"date":"2024-11-12T13:38:14","date_gmt":"2024-11-12T12:38:14","guid":{"rendered":"https:\/\/aromaforest.fr\/?p=7084"},"modified":"2024-11-12T13:39:18","modified_gmt":"2024-11-12T12:39:18","slug":"traverser-la-5eme-saison-grace-a-laromatherapie-un-guide-pour-votre-bien-etre","status":"publish","type":"post","link":"https:\/\/aromaforest.fr\/en\/traverser-la-5eme-saison-grace-a-laromatherapie-un-guide-pour-votre-bien-etre\/","title":{"rendered":"Traverser la 5\u00e8me saison gr\u00e2ce \u00e0 l\u2019aromath\u00e9rapie : Un guide pour votre bien-\u00eatre"},"content":{"rendered":"<p>Les saisons rythment notre vie en influen\u00e7ant l\u2019environnement, notre humeur, et m\u00eame notre sant\u00e9. Si l\u2019\u00e9t\u00e9 nous invite \u00e0 profiter des journ\u00e9es ensoleill\u00e9es, l\u2019hiver nous pousse souvent \u00e0 rester sous la couette. Chaque saison apporte son lot de changements. Notre corps, tout comme notre esprit, doit s\u2019adapter pour rester en harmonie avec ces transitions naturelles.<\/p>\n\n\n\n<figure class=\"wp-block-image size-full\"><img fetchpriority=\"high\" decoding=\"async\" width=\"612\" height=\"230\" src=\"https:\/\/aromaforest.fr\/wp-content\/uploads\/2024\/09\/istockphoto-1469498318-612x612-1.jpg\" alt=\"\" class=\"wp-image-7086\" srcset=\"https:\/\/aromaforest.fr\/wp-content\/uploads\/2024\/09\/istockphoto-1469498318-612x612-1.jpg 612w, https:\/\/aromaforest.fr\/wp-content\/uploads\/2024\/09\/istockphoto-1469498318-612x612-1-300x113.jpg 300w, https:\/\/aromaforest.fr\/wp-content\/uploads\/2024\/09\/istockphoto-1469498318-612x612-1-18x7.jpg 18w, https:\/\/aromaforest.fr\/wp-content\/uploads\/2024\/09\/istockphoto-1469498318-612x612-1-600x225.jpg 600w\" sizes=\"(max-width: 612px) 100vw, 612px\" \/><\/figure>\n\n\n\n<p>Mais saviez-vous qu\u2019en plus des quatre saisons bien connues (printemps, \u00e9t\u00e9, automne, hiver), il existe une \u00ab\u00a0cinqui\u00e8me saison\u00a0\u00bb selon la m\u00e9decine traditionnelle chinoise ? D\u00e9couvrons ensemble cette p\u00e9riode de transition et comment l\u2019aromath\u00e9rapie peut nous aider \u00e0 traverser ce moment unique de l\u2019ann\u00e9e.<\/p>\n\n\n\n<h2 class=\"wp-block-heading\">Qu&rsquo;est-ce que la 5\u00e8me saison ?<\/h2>\n\n\n\n<p>La 5\u00e8me saison, aussi appel\u00e9e \u00e9t\u00e9 indien dans la m\u00e9decine traditionnelle chinoise, marque une transition entre l\u2019\u00e9t\u00e9 et l\u2019automne. Cette p\u00e9riode r\u00e9sonne avec des concepts de chronobiologie et de physiologie, soulignant l&rsquo;importance des changements internes que notre corps traverse.<\/p>\n\n\n\n<p>Pendant cette p\u00e9riode, notre organisme est particuli\u00e8rement sensible et n\u00e9cessite une attention sp\u00e9ciale. Comment pouvons-nous alors mieux traverser cette saison avec l&rsquo;aide de l&rsquo;aromath\u00e9rapie?<\/p>\n\n\n\n<h2 class=\"wp-block-heading\">Pourquoi la 5\u00e8me saison est-elle cruciale pour notre corps ?<\/h2>\n\n\n\n<p>Selon la m\u00e9decine traditionnelle chinoise, la 5\u00e8me saison est associ\u00e9e \u00e0 l&rsquo;\u00e9l\u00e9ment Terre, symbole d&rsquo;enracinement, de recentrage et d&rsquo;\u00e9quilibre. Cette p\u00e9riode de transition nous pr\u00e9pare \u00e0 entrer dans les saisons plus introspectives et cocooning de la fin de l&rsquo;automne et de l&rsquo;hiver, tout en nous permettant de profiter des derniers jours ensoleill\u00e9s et de l&rsquo;\u00e9nergie r\u00e9siduelle de l&rsquo;\u00e9t\u00e9.<\/p>\n\n\n\n<figure class=\"wp-block-image size-large\"><img decoding=\"async\" width=\"1024\" height=\"682\" src=\"https:\/\/aromaforest.fr\/wp-content\/uploads\/2024\/09\/planting-8027884_1280-1024x682.jpg\" alt=\"\" class=\"wp-image-7085\" srcset=\"https:\/\/aromaforest.fr\/wp-content\/uploads\/2024\/09\/planting-8027884_1280-1024x682.jpg 1024w, https:\/\/aromaforest.fr\/wp-content\/uploads\/2024\/09\/planting-8027884_1280-300x200.jpg 300w, https:\/\/aromaforest.fr\/wp-content\/uploads\/2024\/09\/planting-8027884_1280-768x512.jpg 768w, https:\/\/aromaforest.fr\/wp-content\/uploads\/2024\/09\/planting-8027884_1280-18x12.jpg 18w, https:\/\/aromaforest.fr\/wp-content\/uploads\/2024\/09\/planting-8027884_1280-600x400.jpg 600w, https:\/\/aromaforest.fr\/wp-content\/uploads\/2024\/09\/planting-8027884_1280.jpg 1280w\" sizes=\"(max-width: 1024px) 100vw, 1024px\" \/><\/figure>\n\n\n\n<p>Durant cette p\u00e9riode, notre organisme doit g\u00e9rer une surcharge d&rsquo;informations et de stimuli, ce qui peut nous fatiguer et affecter notre bien-\u00eatre g\u00e9n\u00e9ral. Il est donc essentiel de soutenir notre corps pendant cette transition.<\/p>\n\n\n\n<h2 class=\"wp-block-heading\">Comment soutenir votre syst\u00e8me digestif pendant la 5\u00e8me saison<\/h2>\n\n\n\n<figure class=\"wp-block-image alignleft size-full is-resized\"><img decoding=\"async\" width=\"1024\" height=\"1024\" src=\"https:\/\/aromaforest.fr\/wp-content\/uploads\/2024\/07\/HE_GingembreFrais_R01_R02-1.png\" alt=\"\" class=\"wp-image-6677\" style=\"width:305px;height:auto\" srcset=\"https:\/\/aromaforest.fr\/wp-content\/uploads\/2024\/07\/HE_GingembreFrais_R01_R02-1.png 1024w, https:\/\/aromaforest.fr\/wp-content\/uploads\/2024\/07\/HE_GingembreFrais_R01_R02-1-300x300.png 300w, https:\/\/aromaforest.fr\/wp-content\/uploads\/2024\/07\/HE_GingembreFrais_R01_R02-1-150x150.png 150w, https:\/\/aromaforest.fr\/wp-content\/uploads\/2024\/07\/HE_GingembreFrais_R01_R02-1-768x768.png 768w, https:\/\/aromaforest.fr\/wp-content\/uploads\/2024\/07\/HE_GingembreFrais_R01_R02-1-12x12.png 12w, https:\/\/aromaforest.fr\/wp-content\/uploads\/2024\/07\/HE_GingembreFrais_R01_R02-1-600x600.png 600w, https:\/\/aromaforest.fr\/wp-content\/uploads\/2024\/07\/HE_GingembreFrais_R01_R02-1-100x100.png 100w\" sizes=\"(max-width: 1024px) 100vw, 1024px\" \/><\/figure>\n\n\n\n<p>La 5\u00e8me saison est le moment id\u00e9al pour renforcer votre syst\u00e8me digestif. Avec l&rsquo;arriv\u00e9e du froid, certains aliments peuvent devenir plus difficiles \u00e0 dig\u00e9rer, provoquant des inconforts tels que diarrh\u00e9es, douleurs abdominales, ou vomissements.<\/p>\n\n\n\n<p>Pour apaiser ces sympt\u00f4mes, <strong><a href=\"https:\/\/aromaforest.fr\/en\/\">Aroma Forest<\/a><\/strong> recommande une recette simple : quelques gouttes d\u2019<a href=\"https:\/\/aromaforest.fr\/en\/product\/huile-essentielle-gingembre-frais\/\">huile essentielle de gingembre frais<\/a>, appliqu\u00e9es sur une mie de pain ou m\u00e9lang\u00e9es dans du miel \u00e0 ing\u00e9rer apr\u00e8s les deux principaux repas de la journ\u00e9e. Ce m\u00e9lange aide \u00e0 soulager les douleurs d&rsquo;estomac et facilite la digestion. <em>(N&rsquo;oubliez pas de consulter les pr\u00e9cautions d\u2019utilisation des huiles essentielles.)<\/em><\/p>\n\n\n\n<h2 class=\"wp-block-heading\">Booster votre syst\u00e8me immunitaire avec les huiles essentielles<\/h2>\n\n\n\n<p>La 5\u00e8me saison et l&rsquo;hiver mettent notre syst\u00e8me immunitaire \u00e0 rude \u00e9preuve. Pour le renforcer, les huiles essentielles aux propri\u00e9t\u00e9s antivirales et antibact\u00e9riennes sont vos alli\u00e9es. Voici les meilleures huiles essentielles pour booster votre immunit\u00e9 :<\/p>\n\n\n\n<div class=\"wp-block-group is-nowrap is-layout-flex wp-container-core-group-is-layout-6c531013 wp-block-group-is-layout-flex\">\n<figure class=\"wp-block-image size-large is-resized\"><img loading=\"lazy\" decoding=\"async\" width=\"1024\" height=\"1024\" src=\"https:\/\/aromaforest.fr\/wp-content\/uploads\/2024\/02\/aro_saro-min-1-1024x1024.webp\" alt=\"\" class=\"wp-image-5551\" style=\"width:267px;height:auto\" srcset=\"https:\/\/aromaforest.fr\/wp-content\/uploads\/2024\/02\/aro_saro-min-1-1024x1024.webp 1024w, https:\/\/aromaforest.fr\/wp-content\/uploads\/2024\/02\/aro_saro-min-1-300x300.webp 300w, https:\/\/aromaforest.fr\/wp-content\/uploads\/2024\/02\/aro_saro-min-1-150x150.webp 150w, https:\/\/aromaforest.fr\/wp-content\/uploads\/2024\/02\/aro_saro-min-1-768x768.webp 768w, https:\/\/aromaforest.fr\/wp-content\/uploads\/2024\/02\/aro_saro-min-1-600x600.webp 600w, https:\/\/aromaforest.fr\/wp-content\/uploads\/2024\/02\/aro_saro-min-1-100x100.webp 100w, https:\/\/aromaforest.fr\/wp-content\/uploads\/2024\/02\/aro_saro-min-1.webp 1080w\" sizes=\"(max-width: 1024px) 100vw, 1024px\" \/><\/figure>\n\n\n\n<figure class=\"wp-block-image size-large is-resized\"><img loading=\"lazy\" decoding=\"async\" width=\"1024\" height=\"1024\" src=\"https:\/\/aromaforest.fr\/wp-content\/uploads\/2024\/01\/aro_rav_1080x1080px_v2-3-1024x1024.png\" alt=\"\" class=\"wp-image-198\" style=\"width:273px;height:auto\" srcset=\"https:\/\/aromaforest.fr\/wp-content\/uploads\/2024\/01\/aro_rav_1080x1080px_v2-3-1024x1024.png 1024w, https:\/\/aromaforest.fr\/wp-content\/uploads\/2024\/01\/aro_rav_1080x1080px_v2-3-300x300.png 300w, https:\/\/aromaforest.fr\/wp-content\/uploads\/2024\/01\/aro_rav_1080x1080px_v2-3-150x150.png 150w, https:\/\/aromaforest.fr\/wp-content\/uploads\/2024\/01\/aro_rav_1080x1080px_v2-3-768x768.png 768w, https:\/\/aromaforest.fr\/wp-content\/uploads\/2024\/01\/aro_rav_1080x1080px_v2-3-600x600.png 600w, https:\/\/aromaforest.fr\/wp-content\/uploads\/2024\/01\/aro_rav_1080x1080px_v2-3-100x100.png 100w, https:\/\/aromaforest.fr\/wp-content\/uploads\/2024\/01\/aro_rav_1080x1080px_v2-3.png 1080w\" sizes=\"(max-width: 1024px) 100vw, 1024px\" \/><\/figure>\n<\/div>\n\n\n\n<ol class=\"wp-block-list\">\n<li><strong><a href=\"https:\/\/aromaforest.fr\/en\/product\/ravintsara-10-ml\/\">Huile essentielle de Ravintsara CT 1,8-cin\u00e9ole<\/a> (Cinnamomum camphora)<\/strong> : R\u00e9put\u00e9e pour ses propri\u00e9t\u00e9s immunostimulantes, elle aide \u00e0 renforcer les d\u00e9fenses naturelles de l&rsquo;organisme contre les agressions ext\u00e9rieures.<br><\/li>\n\n\n\n<li><strong><a href=\"https:\/\/aromaforest.fr\/en\/product\/saro-tsara-10-ml\/\">Huile essentielle de Saro Tsara\u00ae CT 1,8-cin\u00e9ole<\/a> (Cinnamosma fragrans)<\/strong> : Cette huile essentielle est efficace pour emp\u00eacher la prolif\u00e9ration des agents pathog\u00e8nes, r\u00e9duisant ainsi la charge infectieuse et facilitant la r\u00e9ponse immunitaire.<\/li>\n<\/ol>\n\n\n\n<p>Profitez \u00e9galement de cette p\u00e9riode pour conserver, mariner, et fermenter les r\u00e9coltes estivales afin de les savourer durant l&rsquo;hiver. Cela peut devenir une activit\u00e9 amusante \u00e0 faire en famille, et il n&rsquo;y a rien de plus agr\u00e9able que de d\u00e9guster en hiver un bocal de tomates fra\u00eeches de l&rsquo;\u00e9t\u00e9 avec du basilic.<\/p>\n\n\n\n<h2 class=\"wp-block-heading\">Pr\u00e9parer votre corps et votre esprit avec les huiles essentielles<\/h2>\n\n\n\n<p>Pour traverser cette p\u00e9riode de transition en douceur, il est essentiel de maintenir un rythme de vie \u00e9quilibr\u00e9 et de bien g\u00e9rer le stress. Voici quelques conseils pour vous aider :<\/p>\n\n\n\n<figure class=\"wp-block-image aligncenter size-full\"><img loading=\"lazy\" decoding=\"async\" width=\"612\" height=\"408\" src=\"https:\/\/aromaforest.fr\/wp-content\/uploads\/2024\/09\/istockphoto-1331482745-612x612-1.jpg\" alt=\"\" class=\"wp-image-7087\" srcset=\"https:\/\/aromaforest.fr\/wp-content\/uploads\/2024\/09\/istockphoto-1331482745-612x612-1.jpg 612w, https:\/\/aromaforest.fr\/wp-content\/uploads\/2024\/09\/istockphoto-1331482745-612x612-1-300x200.jpg 300w, https:\/\/aromaforest.fr\/wp-content\/uploads\/2024\/09\/istockphoto-1331482745-612x612-1-18x12.jpg 18w, https:\/\/aromaforest.fr\/wp-content\/uploads\/2024\/09\/istockphoto-1331482745-612x612-1-600x400.jpg 600w\" sizes=\"(max-width: 612px) 100vw, 612px\" \/><\/figure>\n\n\n\n<ul class=\"wp-block-list\">\n<li><strong>Exposition \u00e0 la lumi\u00e8re naturelle<\/strong> : Maintenez votre horloge circadienne synchronis\u00e9e en vous exposant \u00e0 la lumi\u00e8re du jour, m\u00eame durant les journ\u00e9es plus courtes.<br><\/li>\n\n\n\n<li><strong>Routine matinale<\/strong> : Commencez la journ\u00e9e avec un verre de th\u00e9 infus\u00e9, et ajoutez quelques gouttes de citron pour un boost rafra\u00eechissant. Compl\u00e9tez cela par des \u00e9tirements ou une s\u00e9ance de m\u00e9ditation pour bien d\u00e9marrer la journ\u00e9e.<br><\/li>\n\n\n\n<li><strong>Cr\u00e9ez une atmosph\u00e8re accueillante<\/strong> : Utilisez des diffuseurs d&rsquo;huiles essentielles pendant vos moments en famille ou entre amis pour cr\u00e9er une ambiance chaleureuse et conviviale malgr\u00e9 le froid ext\u00e9rieur.<\/li>\n<\/ul>\n\n\n\n<h2 class=\"wp-block-heading\">Conclusion<\/h2>\n\n\n\n<p>La 5\u00e8me saison est une p\u00e9riode de transition unique qui n\u00e9cessite une attention particuli\u00e8re. Gr\u00e2ce \u00e0 l\u2019aromath\u00e9rapie, vous pouvez soutenir votre corps et votre esprit pour mieux traverser ce moment. <strong>Aroma Forest<\/strong> est l\u00e0 pour vous accompagner tout au long de cette saison avec ses huiles essentielles de haute qualit\u00e9.<\/p>","protected":false},"excerpt":{"rendered":"<p>Les saisons rythment notre vie en influen\u00e7ant l\u2019environnement, notre humeur, et m\u00eame notre sant\u00e9. Si l\u2019\u00e9t\u00e9 nous invite \u00e0 profiter des journ\u00e9es ensoleill\u00e9es, l\u2019hiver nous pousse souvent \u00e0 rester sous la couette. Chaque saison apporte son lot de changements. Notre corps, tout comme notre esprit, doit s\u2019adapter pour rester en harmonie avec ces transitions naturelles. [&hellip;]<\/p>","protected":false},"author":4,"featured_media":7089,"comment_status":"open","ping_status":"open","sticky":false,"template":"","format":"standard","meta":{"footnotes":""},"categories":[71],"tags":[],"class_list":["post-7084","post","type-post","status-publish","format-standard","has-post-thumbnail","hentry","category-actualites"],"yoast_head":"<!-- This site is optimized with the Yoast SEO plugin v25.8 - https:\/\/yoast.com\/wordpress\/plugins\/seo\/ -->\n<title>Traverser la 5\u00e8me saison gr\u00e2ce \u00e0 l\u2019aromath\u00e9rapie : Un guide pour votre bien-\u00eatre - Aroma Forest<\/title>\n<meta name=\"robots\" content=\"index, follow, max-snippet:-1, max-image-preview:large, max-video-preview:-1\" \/>\n<link rel=\"canonical\" href=\"https:\/\/aromaforest.fr\/en\/traverser-la-5eme-saison-grace-a-laromatherapie-un-guide-pour-votre-bien-etre\/\" \/>\n<meta property=\"og:locale\" content=\"en_US\" \/>\n<meta property=\"og:type\" content=\"article\" \/>\n<meta property=\"og:title\" content=\"Traverser la 5\u00e8me saison gr\u00e2ce \u00e0 l\u2019aromath\u00e9rapie : Un guide pour votre bien-\u00eatre - Aroma Forest\" \/>\n<meta property=\"og:description\" content=\"Les saisons rythment notre vie en influen\u00e7ant l\u2019environnement, notre humeur, et m\u00eame notre sant\u00e9. Si l\u2019\u00e9t\u00e9 nous invite \u00e0 profiter des journ\u00e9es ensoleill\u00e9es, l\u2019hiver nous pousse souvent \u00e0 rester sous la couette. Chaque saison apporte son lot de changements. Notre corps, tout comme notre esprit, doit s\u2019adapter pour rester en harmonie avec ces transitions naturelles. [&hellip;]\" \/>\n<meta property=\"og:url\" content=\"https:\/\/aromaforest.fr\/en\/traverser-la-5eme-saison-grace-a-laromatherapie-un-guide-pour-votre-bien-etre\/\" \/>\n<meta property=\"og:site_name\" content=\"Aroma Forest\" \/>\n<meta property=\"article:published_time\" content=\"2024-11-12T12:38:14+00:00\" \/>\n<meta property=\"article:modified_time\" content=\"2024-11-12T12:39:18+00:00\" \/>\n<meta property=\"og:image\" content=\"https:\/\/aromaforest.fr\/wp-content\/uploads\/2024\/09\/istockphoto-1435977736-612x612-1.jpg\" \/>\n\t<meta property=\"og:image:width\" content=\"612\" \/>\n\t<meta property=\"og:image:height\" content=\"408\" \/>\n\t<meta property=\"og:image:type\" content=\"image\/jpeg\" \/>\n<meta name=\"author\" content=\"Redacteur\" \/>\n<meta name=\"twitter:card\" content=\"summary_large_image\" \/>\n<meta name=\"twitter:label1\" content=\"Written by\" \/>\n\t<meta name=\"twitter:data1\" content=\"Redacteur\" \/>\n\t<meta name=\"twitter:label2\" content=\"Est. reading time\" \/>\n\t<meta name=\"twitter:data2\" content=\"5 minutes\" \/>\n<script type=\"application\/ld+json\" class=\"yoast-schema-graph\">{\"@context\":\"https:\/\/schema.org\",\"@graph\":[{\"@type\":\"Article\",\"@id\":\"https:\/\/aromaforest.fr\/traverser-la-5eme-saison-grace-a-laromatherapie-un-guide-pour-votre-bien-etre\/#article\",\"isPartOf\":{\"@id\":\"https:\/\/aromaforest.fr\/traverser-la-5eme-saison-grace-a-laromatherapie-un-guide-pour-votre-bien-etre\/\"},\"author\":{\"name\":\"Redacteur\",\"@id\":\"https:\/\/aromaforest.fr\/en\/#\/schema\/person\/de157776003803e80bc4648c9fbbf11e\"},\"headline\":\"Traverser la 5\u00e8me saison gr\u00e2ce \u00e0 l\u2019aromath\u00e9rapie : Un guide pour votre bien-\u00eatre\",\"datePublished\":\"2024-11-12T12:38:14+00:00\",\"dateModified\":\"2024-11-12T12:39:18+00:00\",\"mainEntityOfPage\":{\"@id\":\"https:\/\/aromaforest.fr\/traverser-la-5eme-saison-grace-a-laromatherapie-un-guide-pour-votre-bien-etre\/\"},\"wordCount\":828,\"commentCount\":0,\"publisher\":{\"@id\":\"https:\/\/aromaforest.fr\/en\/#organization\"},\"image\":{\"@id\":\"https:\/\/aromaforest.fr\/traverser-la-5eme-saison-grace-a-laromatherapie-un-guide-pour-votre-bien-etre\/#primaryimage\"},\"thumbnailUrl\":\"https:\/\/aromaforest.fr\/wp-content\/uploads\/2024\/09\/istockphoto-1435977736-612x612-1.jpg\",\"articleSection\":[\"Actualit\u00e9s\"],\"inLanguage\":\"en-US\",\"potentialAction\":[{\"@type\":\"CommentAction\",\"name\":\"Comment\",\"target\":[\"https:\/\/aromaforest.fr\/traverser-la-5eme-saison-grace-a-laromatherapie-un-guide-pour-votre-bien-etre\/#respond\"]}]},{\"@type\":\"WebPage\",\"@id\":\"https:\/\/aromaforest.fr\/traverser-la-5eme-saison-grace-a-laromatherapie-un-guide-pour-votre-bien-etre\/\",\"url\":\"https:\/\/aromaforest.fr\/traverser-la-5eme-saison-grace-a-laromatherapie-un-guide-pour-votre-bien-etre\/\",\"name\":\"Traverser la 5\u00e8me saison gr\u00e2ce \u00e0 l\u2019aromath\u00e9rapie : Un guide pour votre bien-\u00eatre - Aroma Forest\",\"isPartOf\":{\"@id\":\"https:\/\/aromaforest.fr\/en\/#website\"},\"primaryImageOfPage\":{\"@id\":\"https:\/\/aromaforest.fr\/traverser-la-5eme-saison-grace-a-laromatherapie-un-guide-pour-votre-bien-etre\/#primaryimage\"},\"image\":{\"@id\":\"https:\/\/aromaforest.fr\/traverser-la-5eme-saison-grace-a-laromatherapie-un-guide-pour-votre-bien-etre\/#primaryimage\"},\"thumbnailUrl\":\"https:\/\/aromaforest.fr\/wp-content\/uploads\/2024\/09\/istockphoto-1435977736-612x612-1.jpg\",\"datePublished\":\"2024-11-12T12:38:14+00:00\",\"dateModified\":\"2024-11-12T12:39:18+00:00\",\"breadcrumb\":{\"@id\":\"https:\/\/aromaforest.fr\/traverser-la-5eme-saison-grace-a-laromatherapie-un-guide-pour-votre-bien-etre\/#breadcrumb\"},\"inLanguage\":\"en-US\",\"potentialAction\":[{\"@type\":\"ReadAction\",\"target\":[\"https:\/\/aromaforest.fr\/traverser-la-5eme-saison-grace-a-laromatherapie-un-guide-pour-votre-bien-etre\/\"]}]},{\"@type\":\"ImageObject\",\"inLanguage\":\"en-US\",\"@id\":\"https:\/\/aromaforest.fr\/traverser-la-5eme-saison-grace-a-laromatherapie-un-guide-pour-votre-bien-etre\/#primaryimage\",\"url\":\"https:\/\/aromaforest.fr\/wp-content\/uploads\/2024\/09\/istockphoto-1435977736-612x612-1.jpg\",\"contentUrl\":\"https:\/\/aromaforest.fr\/wp-content\/uploads\/2024\/09\/istockphoto-1435977736-612x612-1.jpg\",\"width\":612,\"height\":408},{\"@type\":\"BreadcrumbList\",\"@id\":\"https:\/\/aromaforest.fr\/traverser-la-5eme-saison-grace-a-laromatherapie-un-guide-pour-votre-bien-etre\/#breadcrumb\",\"itemListElement\":[{\"@type\":\"ListItem\",\"position\":1,\"name\":\"Accueil\",\"item\":\"https:\/\/aromaforest.fr\/\"},{\"@type\":\"ListItem\",\"position\":2,\"name\":\"Traverser la 5\u00e8me saison gr\u00e2ce \u00e0 l\u2019aromath\u00e9rapie : Un guide pour votre bien-\u00eatre\"}]},{\"@type\":\"WebSite\",\"@id\":\"https:\/\/aromaforest.fr\/en\/#website\",\"url\":\"https:\/\/aromaforest.fr\/en\/\",\"name\":\"Aroma Forest\",\"description\":\"\",\"publisher\":{\"@id\":\"https:\/\/aromaforest.fr\/en\/#organization\"},\"potentialAction\":[{\"@type\":\"SearchAction\",\"target\":{\"@type\":\"EntryPoint\",\"urlTemplate\":\"https:\/\/aromaforest.fr\/en\/?s={search_term_string}\"},\"query-input\":{\"@type\":\"PropertyValueSpecification\",\"valueRequired\":true,\"valueName\":\"search_term_string\"}}],\"inLanguage\":\"en-US\"},{\"@type\":\"Organization\",\"@id\":\"https:\/\/aromaforest.fr\/en\/#organization\",\"name\":\"Aroma Forest\",\"url\":\"https:\/\/aromaforest.fr\/en\/\",\"logo\":{\"@type\":\"ImageObject\",\"inLanguage\":\"en-US\",\"@id\":\"https:\/\/aromaforest.fr\/en\/#\/schema\/logo\/image\/\",\"url\":\"https:\/\/aromaforest.fr\/wp-content\/uploads\/2024\/01\/cropped-af_logo_d2-2.webp\",\"contentUrl\":\"https:\/\/aromaforest.fr\/wp-content\/uploads\/2024\/01\/cropped-af_logo_d2-2.webp\",\"width\":1331,\"height\":515,\"caption\":\"Aroma Forest\"},\"image\":{\"@id\":\"https:\/\/aromaforest.fr\/en\/#\/schema\/logo\/image\/\"}},{\"@type\":\"Person\",\"@id\":\"https:\/\/aromaforest.fr\/en\/#\/schema\/person\/de157776003803e80bc4648c9fbbf11e\",\"name\":\"Redacteur\",\"image\":{\"@type\":\"ImageObject\",\"inLanguage\":\"en-US\",\"@id\":\"https:\/\/aromaforest.fr\/en\/#\/schema\/person\/image\/\",\"url\":\"https:\/\/secure.gravatar.com\/avatar\/ad93312822cd3a434a5a959a397834f51a8bca4953148d6b96623e6769596af2?s=96&d=mm&r=g\",\"contentUrl\":\"https:\/\/secure.gravatar.com\/avatar\/ad93312822cd3a434a5a959a397834f51a8bca4953148d6b96623e6769596af2?s=96&d=mm&r=g\",\"caption\":\"Redacteur\"},\"url\":\"https:\/\/aromaforest.fr\/en\/author\/redacteur\/\"}]}<\/script>\n<!-- \/ Yoast SEO plugin. -->","yoast_head_json":{"title":"Traverser la 5\u00e8me saison gr\u00e2ce \u00e0 l\u2019aromath\u00e9rapie : Un guide pour votre bien-\u00eatre - Aroma Forest","robots":{"index":"index","follow":"follow","max-snippet":"max-snippet:-1","max-image-preview":"max-image-preview:large","max-video-preview":"max-video-preview:-1"},"canonical":"https:\/\/aromaforest.fr\/en\/traverser-la-5eme-saison-grace-a-laromatherapie-un-guide-pour-votre-bien-etre\/","og_locale":"en_US","og_type":"article","og_title":"Traverser la 5\u00e8me saison gr\u00e2ce \u00e0 l\u2019aromath\u00e9rapie : Un guide pour votre bien-\u00eatre - Aroma Forest","og_description":"Les saisons rythment notre vie en influen\u00e7ant l\u2019environnement, notre humeur, et m\u00eame notre sant\u00e9. Si l\u2019\u00e9t\u00e9 nous invite \u00e0 profiter des journ\u00e9es ensoleill\u00e9es, l\u2019hiver nous pousse souvent \u00e0 rester sous la couette. Chaque saison apporte son lot de changements. Notre corps, tout comme notre esprit, doit s\u2019adapter pour rester en harmonie avec ces transitions naturelles. [&hellip;]","og_url":"https:\/\/aromaforest.fr\/en\/traverser-la-5eme-saison-grace-a-laromatherapie-un-guide-pour-votre-bien-etre\/","og_site_name":"Aroma Forest","article_published_time":"2024-11-12T12:38:14+00:00","article_modified_time":"2024-11-12T12:39:18+00:00","og_image":[{"width":612,"height":408,"url":"https:\/\/aromaforest.fr\/wp-content\/uploads\/2024\/09\/istockphoto-1435977736-612x612-1.jpg","type":"image\/jpeg"}],"author":"Redacteur","twitter_card":"summary_large_image","twitter_misc":{"Written by":"Redacteur","Est. reading time":"5 minutes"},"schema":{"@context":"https:\/\/schema.org","@graph":[{"@type":"Article","@id":"https:\/\/aromaforest.fr\/traverser-la-5eme-saison-grace-a-laromatherapie-un-guide-pour-votre-bien-etre\/#article","isPartOf":{"@id":"https:\/\/aromaforest.fr\/traverser-la-5eme-saison-grace-a-laromatherapie-un-guide-pour-votre-bien-etre\/"},"author":{"name":"Redacteur","@id":"https:\/\/aromaforest.fr\/en\/#\/schema\/person\/de157776003803e80bc4648c9fbbf11e"},"headline":"Traverser la 5\u00e8me saison gr\u00e2ce \u00e0 l\u2019aromath\u00e9rapie : Un guide pour votre bien-\u00eatre","datePublished":"2024-11-12T12:38:14+00:00","dateModified":"2024-11-12T12:39:18+00:00","mainEntityOfPage":{"@id":"https:\/\/aromaforest.fr\/traverser-la-5eme-saison-grace-a-laromatherapie-un-guide-pour-votre-bien-etre\/"},"wordCount":828,"commentCount":0,"publisher":{"@id":"https:\/\/aromaforest.fr\/en\/#organization"},"image":{"@id":"https:\/\/aromaforest.fr\/traverser-la-5eme-saison-grace-a-laromatherapie-un-guide-pour-votre-bien-etre\/#primaryimage"},"thumbnailUrl":"https:\/\/aromaforest.fr\/wp-content\/uploads\/2024\/09\/istockphoto-1435977736-612x612-1.jpg","articleSection":["Actualit\u00e9s"],"inLanguage":"en-US","potentialAction":[{"@type":"CommentAction","name":"Comment","target":["https:\/\/aromaforest.fr\/traverser-la-5eme-saison-grace-a-laromatherapie-un-guide-pour-votre-bien-etre\/#respond"]}]},{"@type":"WebPage","@id":"https:\/\/aromaforest.fr\/traverser-la-5eme-saison-grace-a-laromatherapie-un-guide-pour-votre-bien-etre\/","url":"https:\/\/aromaforest.fr\/traverser-la-5eme-saison-grace-a-laromatherapie-un-guide-pour-votre-bien-etre\/","name":"Traverser la 5\u00e8me saison gr\u00e2ce \u00e0 l\u2019aromath\u00e9rapie : Un guide pour votre bien-\u00eatre - Aroma Forest","isPartOf":{"@id":"https:\/\/aromaforest.fr\/en\/#website"},"primaryImageOfPage":{"@id":"https:\/\/aromaforest.fr\/traverser-la-5eme-saison-grace-a-laromatherapie-un-guide-pour-votre-bien-etre\/#primaryimage"},"image":{"@id":"https:\/\/aromaforest.fr\/traverser-la-5eme-saison-grace-a-laromatherapie-un-guide-pour-votre-bien-etre\/#primaryimage"},"thumbnailUrl":"https:\/\/aromaforest.fr\/wp-content\/uploads\/2024\/09\/istockphoto-1435977736-612x612-1.jpg","datePublished":"2024-11-12T12:38:14+00:00","dateModified":"2024-11-12T12:39:18+00:00","breadcrumb":{"@id":"https:\/\/aromaforest.fr\/traverser-la-5eme-saison-grace-a-laromatherapie-un-guide-pour-votre-bien-etre\/#breadcrumb"},"inLanguage":"en-US","potentialAction":[{"@type":"ReadAction","target":["https:\/\/aromaforest.fr\/traverser-la-5eme-saison-grace-a-laromatherapie-un-guide-pour-votre-bien-etre\/"]}]},{"@type":"ImageObject","inLanguage":"en-US","@id":"https:\/\/aromaforest.fr\/traverser-la-5eme-saison-grace-a-laromatherapie-un-guide-pour-votre-bien-etre\/#primaryimage","url":"https:\/\/aromaforest.fr\/wp-content\/uploads\/2024\/09\/istockphoto-1435977736-612x612-1.jpg","contentUrl":"https:\/\/aromaforest.fr\/wp-content\/uploads\/2024\/09\/istockphoto-1435977736-612x612-1.jpg","width":612,"height":408},{"@type":"BreadcrumbList","@id":"https:\/\/aromaforest.fr\/traverser-la-5eme-saison-grace-a-laromatherapie-un-guide-pour-votre-bien-etre\/#breadcrumb","itemListElement":[{"@type":"ListItem","position":1,"name":"Accueil","item":"https:\/\/aromaforest.fr\/"},{"@type":"ListItem","position":2,"name":"Traverser la 5\u00e8me saison gr\u00e2ce \u00e0 l\u2019aromath\u00e9rapie : Un guide pour votre bien-\u00eatre"}]},{"@type":"WebSite","@id":"https:\/\/aromaforest.fr\/en\/#website","url":"https:\/\/aromaforest.fr\/en\/","name":"Aroma Forest","description":"","publisher":{"@id":"https:\/\/aromaforest.fr\/en\/#organization"},"potentialAction":[{"@type":"SearchAction","target":{"@type":"EntryPoint","urlTemplate":"https:\/\/aromaforest.fr\/en\/?s={search_term_string}"},"query-input":{"@type":"PropertyValueSpecification","valueRequired":true,"valueName":"search_term_string"}}],"inLanguage":"en-US"},{"@type":"Organization","@id":"https:\/\/aromaforest.fr\/en\/#organization","name":"Aroma Forest","url":"https:\/\/aromaforest.fr\/en\/","logo":{"@type":"ImageObject","inLanguage":"en-US","@id":"https:\/\/aromaforest.fr\/en\/#\/schema\/logo\/image\/","url":"https:\/\/aromaforest.fr\/wp-content\/uploads\/2024\/01\/cropped-af_logo_d2-2.webp","contentUrl":"https:\/\/aromaforest.fr\/wp-content\/uploads\/2024\/01\/cropped-af_logo_d2-2.webp","width":1331,"height":515,"caption":"Aroma Forest"},"image":{"@id":"https:\/\/aromaforest.fr\/en\/#\/schema\/logo\/image\/"}},{"@type":"Person","@id":"https:\/\/aromaforest.fr\/en\/#\/schema\/person\/de157776003803e80bc4648c9fbbf11e","name":"Redacteur","image":{"@type":"ImageObject","inLanguage":"en-US","@id":"https:\/\/aromaforest.fr\/en\/#\/schema\/person\/image\/","url":"https:\/\/secure.gravatar.com\/avatar\/ad93312822cd3a434a5a959a397834f51a8bca4953148d6b96623e6769596af2?s=96&d=mm&r=g","contentUrl":"https:\/\/secure.gravatar.com\/avatar\/ad93312822cd3a434a5a959a397834f51a8bca4953148d6b96623e6769596af2?s=96&d=mm&r=g","caption":"Redacteur"},"url":"https:\/\/aromaforest.fr\/en\/author\/redacteur\/"}]}},"_links":{"self":[{"href":"https:\/\/aromaforest.fr\/en\/wp-json\/wp\/v2\/posts\/7084","targetHints":{"allow":["GET"]}}],"collection":[{"href":"https:\/\/aromaforest.fr\/en\/wp-json\/wp\/v2\/posts"}],"about":[{"href":"https:\/\/aromaforest.fr\/en\/wp-json\/wp\/v2\/types\/post"}],"author":[{"embeddable":true,"href":"https:\/\/aromaforest.fr\/en\/wp-json\/wp\/v2\/users\/4"}],"replies":[{"embeddable":true,"href":"https:\/\/aromaforest.fr\/en\/wp-json\/wp\/v2\/comments?post=7084"}],"version-history":[{"count":1,"href":"https:\/\/aromaforest.fr\/en\/wp-json\/wp\/v2\/posts\/7084\/revisions"}],"predecessor-version":[{"id":7088,"href":"https:\/\/aromaforest.fr\/en\/wp-json\/wp\/v2\/posts\/7084\/revisions\/7088"}],"wp:featuredmedia":[{"embeddable":true,"href":"https:\/\/aromaforest.fr\/en\/wp-json\/wp\/v2\/media\/7089"}],"wp:attachment":[{"href":"https:\/\/aromaforest.fr\/en\/wp-json\/wp\/v2\/media?parent=7084"}],"wp:term":[{"taxonomy":"category","embeddable":true,"href":"https:\/\/aromaforest.fr\/en\/wp-json\/wp\/v2\/categories?post=7084"},{"taxonomy":"post_tag","embeddable":true,"href":"https:\/\/aromaforest.fr\/en\/wp-json\/wp\/v2\/tags?post=7084"}],"curies":[{"name":"wp","href":"https:\/\/api.w.org\/{rel}","templated":true}]}}